{"id":3739,"date":"2018-07-15T11:14:14","date_gmt":"2018-07-15T10:14:14","guid":{"rendered":"https:\/\/nova.galerija-dagmar.hr\/?p=3739"},"modified":"2020-11-20T11:41:57","modified_gmt":"2020-11-20T11:41:57","slug":"umjetnici-otoka-krka-za-tea","status":"publish","type":"post","link":"https:\/\/galerija-dagmar.hr\/de\/2018\/07\/15\/umjetnici-otoka-krka-za-tea\/","title":{"rendered":"K\u00fcnstler der Insel Krk f\u00fcr Teo"},"content":{"rendered":"\n<p class=\"wp-block-paragraph\">Die Ausstellung <em>K\u00fcnstler der Insel Krk f\u00fcr Teo<\/em> wurde am Freitag, den 14. Juli 2017 in \u0160ilo er\u00f6ffnet.<\/p>\n\n\n\n<p class=\"wp-block-paragraph\">Die Ausstellung zeigte Werke der verstorbenen Marija Brusi\u0107 Kova\u010dica, deren Werke von ihren Erben gestiftet wurden, sowie Werke von \u017deljko Sele\u0161, Mihovil Depope, Alma Dujmovi\u0107, Mirjana Zidrum, Italo Samblich, Dagmar Franoli\u0107, Sa\u0161a Lon\u010dari\u0107 und Dragutin Dado Barac, Zoran Pavleti\u0107, Smiljana Polugi\u0107, Marin Krstulovi\u0107, Lena Franoli\u0107, Igor Gr\u017eeti\u0107, Andrea Stani\u010di\u0107 und Bojan Bonifa\u010di\u0107.<\/p>\n\n\n\n<p class=\"wp-block-paragraph\">Die Ausstellung wurde von M.Sc. Jasna Rodin organisiert und hat humanit\u00e4ren Charakter. Bei dieser Gelegenheit spendeten die teilnehmenden K\u00fcnstler ihre Werke, w\u00e4hrend der Erl\u00f6s aus dem Verkauf der Werke f\u00fcr die medizinische Behandlung von Teo Jelenovi\u0107 gespendet wird.<\/p>\n\n\n\n<p class=\"wp-block-paragraph\">Die Ausstellung kann bis zum 8. August 2017 von 18 bis 22 Uhr besichtigt werden. Durch den Kauf der in der Ausstellung pr\u00e4sentierten Kunstwerke k\u00f6nnen Sie bei der medizinischen Behandlung von Teo Jelenovi\u0107 helfen.<\/p>\n\n\n\n<p class=\"wp-block-paragraph\">Wenn Sie bei der Heilung von Teo Jelenovi\u0107 helfen m\u00f6chten, besuchen Sie: <a href=\"https:\/\/www.facebook.com\/pomoczatea\">https:\/\/www.facebook.com\/pomoczatea<\/a><\/p>\n\n\n<div class=\"tiled-gallery type-rectangular tiled-gallery-unresized\" data-original-width=\"1140\" data-carousel-extra='{&quot;blog_id&quot;:1,&quot;permalink&quot;:&quot;https:\\\/\\\/galerija-dagmar.hr\\\/de\\\/2018\\\/07\\\/15\\\/umjetnici-otoka-krka-za-tea\\\/&quot;,&quot;likes_blog_id&quot;:138128969}' itemscope itemtype=\"http:\/\/schema.org\/ImageGallery\" > <div class=\"gallery-row\" style=\"width: 1140px; height: 760px;\" data-original-width=\"1140\" data-original-height=\"760\" > <div class=\"gallery-group images-1\" style=\"width: 760px; height: 760px;\" data-original-width=\"760\" data-original-height=\"760\" > <div class=\"tiled-gallery-item tiled-gallery-item-large\" itemprop=\"associatedMedia\" itemscope itemtype=\"http:\/\/schema.org\/ImageObject\"> <a href=\"https:\/\/galerija-dagmar.hr\/de\/2018\/07\/15\/umjetnici-otoka-krka-za-tea\/19984039_10155609753694319_1903479785654256372_o\/\" border=\"0\" itemprop=\"url\"> <meta itemprop=\"width\" content=\"756\"> <meta itemprop=\"height\" content=\"756\"> <img decoding=\"async\" class=\"\" data-attachment-id=\"3853\" data-orig-file=\"https:\/\/galerija-dagmar.hr\/wp-content\/uploads\/2020\/04\/19984039_10155609753694319_1903479785654256372_o.jpg\" data-orig-size=\"960,960\" data-comments-opened=\"\" data-image-meta=\"{&quot;aperture&quot;:&quot;0&quot;,&quot;credit&quot;:&quot;&quot;,&quot;camera&quot;:&quot;&quot;,&quot;caption&quot;:&quot;&quot;,&quot;created_timestamp&quot;:&quot;0&quot;,&quot;copyright&quot;:&quot;&quot;,&quot;focal_length&quot;:&quot;0&quot;,&quot;iso&quot;:&quot;0&quot;,&quot;shutter_speed&quot;:&quot;0&quot;,&quot;title&quot;:&quot;&quot;,&quot;orientation&quot;:&quot;0&quot;}\" data-image-title=\"\" data-image-description=\"\" data-medium-file=\"https:\/\/i0.wp.com\/galerija-dagmar.hr\/wp-content\/uploads\/2020\/04\/19984039_10155609753694319_1903479785654256372_o.jpg?fit=300%2C300&#038;ssl=1\" data-large-file=\"https:\/\/i0.wp.com\/galerija-dagmar.hr\/wp-content\/uploads\/2020\/04\/19984039_10155609753694319_1903479785654256372_o.jpg?fit=960%2C960&#038;ssl=1\" src=\"https:\/\/i0.wp.com\/galerija-dagmar.hr\/wp-content\/uploads\/2020\/04\/19984039_10155609753694319_1903479785654256372_o.jpg?w=756&#038;h=756&#038;crop=1&#038;ssl=1\" srcset=\"https:\/\/i0.wp.com\/galerija-dagmar.hr\/wp-content\/uploads\/2020\/04\/19984039_10155609753694319_1903479785654256372_o.jpg?w=960&amp;ssl=1 960w, https:\/\/i0.wp.com\/galerija-dagmar.hr\/wp-content\/uploads\/2020\/04\/19984039_10155609753694319_1903479785654256372_o.jpg?resize=300%2C300&amp;ssl=1 300w, https:\/\/i0.wp.com\/galerija-dagmar.hr\/wp-content\/uploads\/2020\/04\/19984039_10155609753694319_1903479785654256372_o.jpg?resize=150%2C150&amp;ssl=1 150w, https:\/\/i0.wp.com\/galerija-dagmar.hr\/wp-content\/uploads\/2020\/04\/19984039_10155609753694319_1903479785654256372_o.jpg?resize=768%2C768&amp;ssl=1 768w, https:\/\/i0.wp.com\/galerija-dagmar.hr\/wp-content\/uploads\/2020\/04\/19984039_10155609753694319_1903479785654256372_o.jpg?resize=720%2C720&amp;ssl=1 720w, https:\/\/i0.wp.com\/galerija-dagmar.hr\/wp-content\/uploads\/2020\/04\/19984039_10155609753694319_1903479785654256372_o.jpg?resize=560%2C560&amp;ssl=1 560w, https:\/\/i0.wp.com\/galerija-dagmar.hr\/wp-content\/uploads\/2020\/04\/19984039_10155609753694319_1903479785654256372_o.jpg?resize=50%2C50&amp;ssl=1 50w\" width=\"756\" height=\"756\" loading=\"lazy\" data-original-width=\"756\" data-original-height=\"756\" itemprop=\"http:\/\/schema.org\/image\" title=\"\" alt=\"Smilanja Polugi\u0107 i radovi Marije Brusi\u0107 Kova\u010dice i Lene Franoli\u0107, galerija \u0160ilo 2018 \/ Smiljana Polugi\u0107 and works by Marija Brusi\u0107 Kova\u010dica and Lena Franoli\u0107, galerija \u0160ilo 2018 \/ Smiljana Polugi\u0107 und werke von Marija Brusi\u0107 Kova\u010dica und Lena Franoli\u0107, \u0160ilo 2018.\" style=\"width: 756px; height: 756px;\" \/> <\/a> <div class=\"tiled-gallery-caption\" itemprop=\"caption description\"> Smilanja Polugi\u0107 i radovi Marije Brusi\u0107 Kova\u010dice i Lene Franoli\u0107, galerija \u0160ilo 2018 \/ Smiljana Polugi\u0107 and works by Marija Brusi\u0107 Kova\u010dica and Lena Franoli\u0107, galerija \u0160ilo 2018 \/ Smiljana Polugi\u0107 und werke von Marija Brusi\u0107 Kova\u010dica und Lena Franoli\u0107, \u0160ilo 2018. <\/div> <\/div> <\/div> <!-- close group --> <div class=\"gallery-group images-2\" style=\"width: 380px; height: 760px;\" data-original-width=\"380\" data-original-height=\"760\" > <div class=\"tiled-gallery-item tiled-gallery-item-large\" itemprop=\"associatedMedia\" itemscope itemtype=\"http:\/\/schema.org\/ImageObject\"> <a href=\"https:\/\/galerija-dagmar.hr\/de\/2018\/07\/15\/umjetnici-otoka-krka-za-tea\/20045681_10155609760054319_7984511843854339386_o\/\" border=\"0\" itemprop=\"url\"> <meta itemprop=\"width\" content=\"376\"> <meta itemprop=\"height\" content=\"376\"> <img decoding=\"async\" class=\"\" data-attachment-id=\"3857\" data-orig-file=\"https:\/\/galerija-dagmar.hr\/wp-content\/uploads\/2020\/04\/20045681_10155609760054319_7984511843854339386_o.jpg\" data-orig-size=\"960,960\" data-comments-opened=\"\" data-image-meta=\"{&quot;aperture&quot;:&quot;0&quot;,&quot;credit&quot;:&quot;&quot;,&quot;camera&quot;:&quot;&quot;,&quot;caption&quot;:&quot;&quot;,&quot;created_timestamp&quot;:&quot;0&quot;,&quot;copyright&quot;:&quot;&quot;,&quot;focal_length&quot;:&quot;0&quot;,&quot;iso&quot;:&quot;0&quot;,&quot;shutter_speed&quot;:&quot;0&quot;,&quot;title&quot;:&quot;&quot;,&quot;orientation&quot;:&quot;0&quot;}\" data-image-title=\"\" data-image-description=\"\" data-medium-file=\"https:\/\/i0.wp.com\/galerija-dagmar.hr\/wp-content\/uploads\/2020\/04\/20045681_10155609760054319_7984511843854339386_o.jpg?fit=300%2C300&#038;ssl=1\" data-large-file=\"https:\/\/i0.wp.com\/galerija-dagmar.hr\/wp-content\/uploads\/2020\/04\/20045681_10155609760054319_7984511843854339386_o.jpg?fit=960%2C960&#038;ssl=1\" src=\"https:\/\/i0.wp.com\/galerija-dagmar.hr\/wp-content\/uploads\/2020\/04\/20045681_10155609760054319_7984511843854339386_o.jpg?w=376&#038;h=376&#038;crop=1&#038;ssl=1\" srcset=\"https:\/\/i0.wp.com\/galerija-dagmar.hr\/wp-content\/uploads\/2020\/04\/20045681_10155609760054319_7984511843854339386_o.jpg?w=960&amp;ssl=1 960w, https:\/\/i0.wp.com\/galerija-dagmar.hr\/wp-content\/uploads\/2020\/04\/20045681_10155609760054319_7984511843854339386_o.jpg?resize=300%2C300&amp;ssl=1 300w, https:\/\/i0.wp.com\/galerija-dagmar.hr\/wp-content\/uploads\/2020\/04\/20045681_10155609760054319_7984511843854339386_o.jpg?resize=150%2C150&amp;ssl=1 150w, https:\/\/i0.wp.com\/galerija-dagmar.hr\/wp-content\/uploads\/2020\/04\/20045681_10155609760054319_7984511843854339386_o.jpg?resize=768%2C768&amp;ssl=1 768w, https:\/\/i0.wp.com\/galerija-dagmar.hr\/wp-content\/uploads\/2020\/04\/20045681_10155609760054319_7984511843854339386_o.jpg?resize=720%2C720&amp;ssl=1 720w, https:\/\/i0.wp.com\/galerija-dagmar.hr\/wp-content\/uploads\/2020\/04\/20045681_10155609760054319_7984511843854339386_o.jpg?resize=560%2C560&amp;ssl=1 560w, https:\/\/i0.wp.com\/galerija-dagmar.hr\/wp-content\/uploads\/2020\/04\/20045681_10155609760054319_7984511843854339386_o.jpg?resize=50%2C50&amp;ssl=1 50w\" width=\"376\" height=\"376\" loading=\"lazy\" data-original-width=\"376\" data-original-height=\"376\" itemprop=\"http:\/\/schema.org\/image\" title=\"\" alt=\"Lena Franoli\u0107 i njen rad Esencije, 2017, galerija \u0160ilo 2018 \/ Lena Franoli\u0107 and her work Essentials, gallery \u0160ilo, 2018 \/ Lena Franoli\u0107 und ihr Werk Anfangsgrunde, 2017, gallerie \u0160ilo, 2018\" style=\"width: 376px; height: 376px;\" \/> <\/a> <div class=\"tiled-gallery-caption\" itemprop=\"caption description\"> Lena Franoli\u0107 i njen rad Esencije, 2017, galerija \u0160ilo 2018 \/ Lena Franoli\u0107 and her work Essentials, gallery \u0160ilo, 2018 \/ Lena Franoli\u0107 und ihr Werk Anfangsgrunde, 2017, gallerie \u0160ilo, 2018 <\/div> <\/div> <div class=\"tiled-gallery-item tiled-gallery-item-large\" itemprop=\"associatedMedia\" itemscope itemtype=\"http:\/\/schema.org\/ImageObject\"> <a href=\"https:\/\/galerija-dagmar.hr\/de\/2018\/07\/15\/umjetnici-otoka-krka-za-tea\/20017543_10155609753909319_5965613519646488156_o\/\" border=\"0\" itemprop=\"url\"> <meta itemprop=\"width\" content=\"376\"> <meta itemprop=\"height\" content=\"376\"> <img decoding=\"async\" class=\"\" data-attachment-id=\"3856\" data-orig-file=\"https:\/\/galerija-dagmar.hr\/wp-content\/uploads\/2020\/04\/20017543_10155609753909319_5965613519646488156_o.jpg\" data-orig-size=\"960,960\" data-comments-opened=\"\" data-image-meta=\"{&quot;aperture&quot;:&quot;0&quot;,&quot;credit&quot;:&quot;&quot;,&quot;camera&quot;:&quot;&quot;,&quot;caption&quot;:&quot;&quot;,&quot;created_timestamp&quot;:&quot;0&quot;,&quot;copyright&quot;:&quot;&quot;,&quot;focal_length&quot;:&quot;0&quot;,&quot;iso&quot;:&quot;0&quot;,&quot;shutter_speed&quot;:&quot;0&quot;,&quot;title&quot;:&quot;&quot;,&quot;orientation&quot;:&quot;0&quot;}\" data-image-title=\"\" data-image-description=\"\" data-medium-file=\"https:\/\/i0.wp.com\/galerija-dagmar.hr\/wp-content\/uploads\/2020\/04\/20017543_10155609753909319_5965613519646488156_o.jpg?fit=300%2C300&#038;ssl=1\" data-large-file=\"https:\/\/i0.wp.com\/galerija-dagmar.hr\/wp-content\/uploads\/2020\/04\/20017543_10155609753909319_5965613519646488156_o.jpg?fit=960%2C960&#038;ssl=1\" src=\"https:\/\/i0.wp.com\/galerija-dagmar.hr\/wp-content\/uploads\/2020\/04\/20017543_10155609753909319_5965613519646488156_o.jpg?w=376&#038;h=376&#038;crop=1&#038;ssl=1\" srcset=\"https:\/\/i0.wp.com\/galerija-dagmar.hr\/wp-content\/uploads\/2020\/04\/20017543_10155609753909319_5965613519646488156_o.jpg?w=960&amp;ssl=1 960w, https:\/\/i0.wp.com\/galerija-dagmar.hr\/wp-content\/uploads\/2020\/04\/20017543_10155609753909319_5965613519646488156_o.jpg?resize=300%2C300&amp;ssl=1 300w, https:\/\/i0.wp.com\/galerija-dagmar.hr\/wp-content\/uploads\/2020\/04\/20017543_10155609753909319_5965613519646488156_o.jpg?resize=150%2C150&amp;ssl=1 150w, https:\/\/i0.wp.com\/galerija-dagmar.hr\/wp-content\/uploads\/2020\/04\/20017543_10155609753909319_5965613519646488156_o.jpg?resize=768%2C768&amp;ssl=1 768w, https:\/\/i0.wp.com\/galerija-dagmar.hr\/wp-content\/uploads\/2020\/04\/20017543_10155609753909319_5965613519646488156_o.jpg?resize=720%2C720&amp;ssl=1 720w, https:\/\/i0.wp.com\/galerija-dagmar.hr\/wp-content\/uploads\/2020\/04\/20017543_10155609753909319_5965613519646488156_o.jpg?resize=560%2C560&amp;ssl=1 560w, https:\/\/i0.wp.com\/galerija-dagmar.hr\/wp-content\/uploads\/2020\/04\/20017543_10155609753909319_5965613519646488156_o.jpg?resize=50%2C50&amp;ssl=1 50w\" width=\"376\" height=\"376\" loading=\"lazy\" data-original-width=\"376\" data-original-height=\"376\" itemprop=\"http:\/\/schema.org\/image\" title=\"\" alt=\"Marija Brusi\u0107 Kova\u010dica\" style=\"width: 376px; height: 376px;\" \/> <\/a> <div class=\"tiled-gallery-caption\" itemprop=\"caption description\"> Marija Brusi\u0107 Kova\u010dica <\/div> <\/div> <\/div> <!-- close group --> <\/div> <!-- close row --> <div class=\"gallery-row\" style=\"width: 1140px; height: 222px;\" data-original-width=\"1140\" data-original-height=\"222\" > <div class=\"gallery-group images-1\" style=\"width: 222px; height: 222px;\" data-original-width=\"222\" data-original-height=\"222\" > <div class=\"tiled-gallery-item tiled-gallery-item-small\" itemprop=\"associatedMedia\" itemscope itemtype=\"http:\/\/schema.org\/ImageObject\"> <a href=\"https:\/\/galerija-dagmar.hr\/de\/2018\/07\/15\/umjetnici-otoka-krka-za-tea\/20117092_10155609753334319_6877907615140815711_o\/\" border=\"0\" itemprop=\"url\"> <meta itemprop=\"width\" content=\"218\"> <meta itemprop=\"height\" content=\"218\"> <img decoding=\"async\" class=\"\" data-attachment-id=\"3858\" data-orig-file=\"https:\/\/galerija-dagmar.hr\/wp-content\/uploads\/2020\/04\/20117092_10155609753334319_6877907615140815711_o.jpg\" data-orig-size=\"960,960\" data-comments-opened=\"\" data-image-meta=\"{&quot;aperture&quot;:&quot;0&quot;,&quot;credit&quot;:&quot;&quot;,&quot;camera&quot;:&quot;&quot;,&quot;caption&quot;:&quot;&quot;,&quot;created_timestamp&quot;:&quot;0&quot;,&quot;copyright&quot;:&quot;&quot;,&quot;focal_length&quot;:&quot;0&quot;,&quot;iso&quot;:&quot;0&quot;,&quot;shutter_speed&quot;:&quot;0&quot;,&quot;title&quot;:&quot;&quot;,&quot;orientation&quot;:&quot;0&quot;}\" data-image-title=\"\" data-image-description=\"\" data-medium-file=\"https:\/\/i0.wp.com\/galerija-dagmar.hr\/wp-content\/uploads\/2020\/04\/20117092_10155609753334319_6877907615140815711_o.jpg?fit=300%2C300&#038;ssl=1\" data-large-file=\"https:\/\/i0.wp.com\/galerija-dagmar.hr\/wp-content\/uploads\/2020\/04\/20117092_10155609753334319_6877907615140815711_o.jpg?fit=960%2C960&#038;ssl=1\" src=\"https:\/\/i0.wp.com\/galerija-dagmar.hr\/wp-content\/uploads\/2020\/04\/20117092_10155609753334319_6877907615140815711_o.jpg?w=218&#038;h=218&#038;crop=1&#038;ssl=1\" srcset=\"https:\/\/i0.wp.com\/galerija-dagmar.hr\/wp-content\/uploads\/2020\/04\/20117092_10155609753334319_6877907615140815711_o.jpg?w=960&amp;ssl=1 960w, https:\/\/i0.wp.com\/galerija-dagmar.hr\/wp-content\/uploads\/2020\/04\/20117092_10155609753334319_6877907615140815711_o.jpg?resize=300%2C300&amp;ssl=1 300w, https:\/\/i0.wp.com\/galerija-dagmar.hr\/wp-content\/uploads\/2020\/04\/20117092_10155609753334319_6877907615140815711_o.jpg?resize=150%2C150&amp;ssl=1 150w, https:\/\/i0.wp.com\/galerija-dagmar.hr\/wp-content\/uploads\/2020\/04\/20117092_10155609753334319_6877907615140815711_o.jpg?resize=768%2C768&amp;ssl=1 768w, https:\/\/i0.wp.com\/galerija-dagmar.hr\/wp-content\/uploads\/2020\/04\/20117092_10155609753334319_6877907615140815711_o.jpg?resize=720%2C720&amp;ssl=1 720w, https:\/\/i0.wp.com\/galerija-dagmar.hr\/wp-content\/uploads\/2020\/04\/20117092_10155609753334319_6877907615140815711_o.jpg?resize=560%2C560&amp;ssl=1 560w, https:\/\/i0.wp.com\/galerija-dagmar.hr\/wp-content\/uploads\/2020\/04\/20117092_10155609753334319_6877907615140815711_o.jpg?resize=50%2C50&amp;ssl=1 50w\" width=\"218\" height=\"218\" loading=\"lazy\" data-original-width=\"218\" data-original-height=\"218\" itemprop=\"http:\/\/schema.org\/image\" title=\"\" alt=\"Dagmar Franoli\u0107\" style=\"width: 218px; height: 218px;\" \/> <\/a> <div class=\"tiled-gallery-caption\" itemprop=\"caption description\"> Dagmar Franoli\u0107 <\/div> <\/div> <\/div> <!-- close group --> <div class=\"gallery-group images-1\" style=\"width: 222px; height: 222px;\" data-original-width=\"222\" data-original-height=\"222\" > <div class=\"tiled-gallery-item tiled-gallery-item-small\" itemprop=\"associatedMedia\" itemscope itemtype=\"http:\/\/schema.org\/ImageObject\"> <a href=\"https:\/\/galerija-dagmar.hr\/de\/2018\/07\/15\/umjetnici-otoka-krka-za-tea\/19984082_10155609761159319_2352075418129558913_o\/\" border=\"0\" itemprop=\"url\"> <meta itemprop=\"width\" content=\"218\"> <meta itemprop=\"height\" content=\"218\"> <img decoding=\"async\" class=\"\" data-attachment-id=\"3854\" data-orig-file=\"https:\/\/galerija-dagmar.hr\/wp-content\/uploads\/2020\/04\/19984082_10155609761159319_2352075418129558913_o.jpg\" data-orig-size=\"960,960\" data-comments-opened=\"\" data-image-meta=\"{&quot;aperture&quot;:&quot;0&quot;,&quot;credit&quot;:&quot;&quot;,&quot;camera&quot;:&quot;&quot;,&quot;caption&quot;:&quot;&quot;,&quot;created_timestamp&quot;:&quot;0&quot;,&quot;copyright&quot;:&quot;&quot;,&quot;focal_length&quot;:&quot;0&quot;,&quot;iso&quot;:&quot;0&quot;,&quot;shutter_speed&quot;:&quot;0&quot;,&quot;title&quot;:&quot;&quot;,&quot;orientation&quot;:&quot;0&quot;}\" data-image-title=\"\" data-image-description=\"\" data-medium-file=\"https:\/\/i0.wp.com\/galerija-dagmar.hr\/wp-content\/uploads\/2020\/04\/19984082_10155609761159319_2352075418129558913_o.jpg?fit=300%2C300&#038;ssl=1\" data-large-file=\"https:\/\/i0.wp.com\/galerija-dagmar.hr\/wp-content\/uploads\/2020\/04\/19984082_10155609761159319_2352075418129558913_o.jpg?fit=960%2C960&#038;ssl=1\" src=\"https:\/\/i0.wp.com\/galerija-dagmar.hr\/wp-content\/uploads\/2020\/04\/19984082_10155609761159319_2352075418129558913_o.jpg?w=218&#038;h=218&#038;crop=1&#038;ssl=1\" srcset=\"https:\/\/i0.wp.com\/galerija-dagmar.hr\/wp-content\/uploads\/2020\/04\/19984082_10155609761159319_2352075418129558913_o.jpg?w=960&amp;ssl=1 960w, https:\/\/i0.wp.com\/galerija-dagmar.hr\/wp-content\/uploads\/2020\/04\/19984082_10155609761159319_2352075418129558913_o.jpg?resize=300%2C300&amp;ssl=1 300w, https:\/\/i0.wp.com\/galerija-dagmar.hr\/wp-content\/uploads\/2020\/04\/19984082_10155609761159319_2352075418129558913_o.jpg?resize=150%2C150&amp;ssl=1 150w, https:\/\/i0.wp.com\/galerija-dagmar.hr\/wp-content\/uploads\/2020\/04\/19984082_10155609761159319_2352075418129558913_o.jpg?resize=768%2C768&amp;ssl=1 768w, https:\/\/i0.wp.com\/galerija-dagmar.hr\/wp-content\/uploads\/2020\/04\/19984082_10155609761159319_2352075418129558913_o.jpg?resize=720%2C720&amp;ssl=1 720w, https:\/\/i0.wp.com\/galerija-dagmar.hr\/wp-content\/uploads\/2020\/04\/19984082_10155609761159319_2352075418129558913_o.jpg?resize=560%2C560&amp;ssl=1 560w, https:\/\/i0.wp.com\/galerija-dagmar.hr\/wp-content\/uploads\/2020\/04\/19984082_10155609761159319_2352075418129558913_o.jpg?resize=50%2C50&amp;ssl=1 50w\" width=\"218\" height=\"218\" loading=\"lazy\" data-original-width=\"218\" data-original-height=\"218\" itemprop=\"http:\/\/schema.org\/image\" title=\"\" alt=\"Mihovil Depope\" style=\"width: 218px; height: 218px;\" \/> <\/a> <div class=\"tiled-gallery-caption\" itemprop=\"caption description\"> Mihovil Depope <\/div> <\/div> <\/div> <!-- close group --> <div class=\"gallery-group images-1\" style=\"width: 222px; height: 222px;\" data-original-width=\"222\" data-original-height=\"222\" > <div class=\"tiled-gallery-item tiled-gallery-item-small\" itemprop=\"associatedMedia\" itemscope itemtype=\"http:\/\/schema.org\/ImageObject\"> <a href=\"https:\/\/galerija-dagmar.hr\/de\/2018\/07\/15\/umjetnici-otoka-krka-za-tea\/20117132_10155609761404319_1868848579881316265_o\/\" border=\"0\" itemprop=\"url\"> <meta itemprop=\"width\" content=\"218\"> <meta itemprop=\"height\" content=\"218\"> <img decoding=\"async\" class=\"\" data-attachment-id=\"3859\" data-orig-file=\"https:\/\/galerija-dagmar.hr\/wp-content\/uploads\/2020\/04\/20117132_10155609761404319_1868848579881316265_o.jpg\" data-orig-size=\"960,960\" data-comments-opened=\"\" data-image-meta=\"{&quot;aperture&quot;:&quot;0&quot;,&quot;credit&quot;:&quot;&quot;,&quot;camera&quot;:&quot;&quot;,&quot;caption&quot;:&quot;&quot;,&quot;created_timestamp&quot;:&quot;0&quot;,&quot;copyright&quot;:&quot;&quot;,&quot;focal_length&quot;:&quot;0&quot;,&quot;iso&quot;:&quot;0&quot;,&quot;shutter_speed&quot;:&quot;0&quot;,&quot;title&quot;:&quot;&quot;,&quot;orientation&quot;:&quot;0&quot;}\" data-image-title=\"\" data-image-description=\"\" data-medium-file=\"https:\/\/i0.wp.com\/galerija-dagmar.hr\/wp-content\/uploads\/2020\/04\/20117132_10155609761404319_1868848579881316265_o.jpg?fit=300%2C300&#038;ssl=1\" data-large-file=\"https:\/\/i0.wp.com\/galerija-dagmar.hr\/wp-content\/uploads\/2020\/04\/20117132_10155609761404319_1868848579881316265_o.jpg?fit=960%2C960&#038;ssl=1\" src=\"https:\/\/i0.wp.com\/galerija-dagmar.hr\/wp-content\/uploads\/2020\/04\/20117132_10155609761404319_1868848579881316265_o.jpg?w=218&#038;h=218&#038;crop=1&#038;ssl=1\" srcset=\"https:\/\/i0.wp.com\/galerija-dagmar.hr\/wp-content\/uploads\/2020\/04\/20117132_10155609761404319_1868848579881316265_o.jpg?w=960&amp;ssl=1 960w, https:\/\/i0.wp.com\/galerija-dagmar.hr\/wp-content\/uploads\/2020\/04\/20117132_10155609761404319_1868848579881316265_o.jpg?resize=300%2C300&amp;ssl=1 300w, https:\/\/i0.wp.com\/galerija-dagmar.hr\/wp-content\/uploads\/2020\/04\/20117132_10155609761404319_1868848579881316265_o.jpg?resize=150%2C150&amp;ssl=1 150w, https:\/\/i0.wp.com\/galerija-dagmar.hr\/wp-content\/uploads\/2020\/04\/20117132_10155609761404319_1868848579881316265_o.jpg?resize=768%2C768&amp;ssl=1 768w, https:\/\/i0.wp.com\/galerija-dagmar.hr\/wp-content\/uploads\/2020\/04\/20117132_10155609761404319_1868848579881316265_o.jpg?resize=720%2C720&amp;ssl=1 720w, https:\/\/i0.wp.com\/galerija-dagmar.hr\/wp-content\/uploads\/2020\/04\/20117132_10155609761404319_1868848579881316265_o.jpg?resize=560%2C560&amp;ssl=1 560w, https:\/\/i0.wp.com\/galerija-dagmar.hr\/wp-content\/uploads\/2020\/04\/20117132_10155609761404319_1868848579881316265_o.jpg?resize=50%2C50&amp;ssl=1 50w\" width=\"218\" height=\"218\" loading=\"lazy\" data-original-width=\"218\" data-original-height=\"218\" itemprop=\"http:\/\/schema.org\/image\" title=\"\" alt=\"Mihovil Depope i Andreja Stani\u010di\u0107\" style=\"width: 218px; height: 218px;\" \/> <\/a> <div class=\"tiled-gallery-caption\" itemprop=\"caption description\"> Mihovil Depope i Andreja Stani\u010di\u0107 <\/div> <\/div> <\/div> <!-- close group --> <div class=\"gallery-group images-1\" style=\"width: 474px; height: 222px;\" data-original-width=\"474\" data-original-height=\"222\" > <div class=\"tiled-gallery-item tiled-gallery-item-large\" itemprop=\"associatedMedia\" itemscope itemtype=\"http:\/\/schema.org\/ImageObject\"> <a href=\"https:\/\/galerija-dagmar.hr\/de\/01_humanitarna_silo_01\/\" border=\"0\" itemprop=\"url\"> <meta itemprop=\"width\" content=\"470\"> <meta itemprop=\"height\" content=\"218\"> <img decoding=\"async\" class=\"\" data-attachment-id=\"3870\" data-orig-file=\"https:\/\/galerija-dagmar.hr\/wp-content\/uploads\/2020\/04\/01_humanitarna_silo_01.jpg\" data-orig-size=\"638,296\" data-comments-opened=\"\" data-image-meta=\"{&quot;aperture&quot;:&quot;0&quot;,&quot;credit&quot;:&quot;&quot;,&quot;camera&quot;:&quot;&quot;,&quot;caption&quot;:&quot;&quot;,&quot;created_timestamp&quot;:&quot;0&quot;,&quot;copyright&quot;:&quot;&quot;,&quot;focal_length&quot;:&quot;0&quot;,&quot;iso&quot;:&quot;0&quot;,&quot;shutter_speed&quot;:&quot;0&quot;,&quot;title&quot;:&quot;&quot;,&quot;orientation&quot;:&quot;0&quot;}\" data-image-title=\"\" data-image-description=\"\" data-medium-file=\"https:\/\/i0.wp.com\/galerija-dagmar.hr\/wp-content\/uploads\/2020\/04\/01_humanitarna_silo_01.jpg?fit=300%2C139&#038;ssl=1\" data-large-file=\"https:\/\/i0.wp.com\/galerija-dagmar.hr\/wp-content\/uploads\/2020\/04\/01_humanitarna_silo_01.jpg?fit=638%2C296&#038;ssl=1\" src=\"https:\/\/i0.wp.com\/galerija-dagmar.hr\/wp-content\/uploads\/2020\/04\/01_humanitarna_silo_01.jpg?w=470&#038;h=218&#038;ssl=1\" srcset=\"https:\/\/i0.wp.com\/galerija-dagmar.hr\/wp-content\/uploads\/2020\/04\/01_humanitarna_silo_01.jpg?w=638&amp;ssl=1 638w, https:\/\/i0.wp.com\/galerija-dagmar.hr\/wp-content\/uploads\/2020\/04\/01_humanitarna_silo_01.jpg?resize=300%2C139&amp;ssl=1 300w, https:\/\/i0.wp.com\/galerija-dagmar.hr\/wp-content\/uploads\/2020\/04\/01_humanitarna_silo_01.jpg?resize=560%2C260&amp;ssl=1 560w\" width=\"470\" height=\"218\" loading=\"lazy\" data-original-width=\"470\" data-original-height=\"218\" itemprop=\"http:\/\/schema.org\/image\" title=\"\" alt=\"Sudionici izlo\u017ebe Za Tea, \u0160ilo, 2018\" style=\"width: 470px; height: 218px;\" \/> <\/a> <div class=\"tiled-gallery-caption\" itemprop=\"caption description\"> Sudionici izlo\u017ebe Za Tea, \u0160ilo, 2018 <\/div> <\/div> <\/div> <!-- close group --> <\/div> <!-- close row --> <\/div>\n\n\n<div style=\"height:100px\" aria-hidden=\"true\" class=\"wp-block-spacer\"><\/div>\n\n\n<hr>","protected":false},"excerpt":{"rendered":"<p>Die Ausstellung K\u00fcnstler der Insel Krk f\u00fcr Teo wurde am Freitag, den 14. Juli 2017 in \u0160ilo er\u00f6ffnet. Die Ausstellung &hellip; <a class=\"more-link\" href=\"https:\/\/galerija-dagmar.hr\/de\/2018\/07\/15\/umjetnici-otoka-krka-za-tea\/\">More<\/a><\/p>\n","protected":false},"author":1,"featured_media":3869,"comment_status":"closed","ping_status":"closed","sticky":false,"template":"","format":"standard","meta":{"_jetpack_newsletter_access":"","_jetpack_dont_email_post_to_subs":false,"_jetpack_newsletter_tier_id":0,"_jetpack_memberships_contains_paywalled_content":false,"_jetpack_feature_clip_id":0,"_jetpack_memberships_contains_paid_content":false,"footnotes":"","jetpack_post_was_ever_published":false},"categories":[44,9],"tags":[],"class_list":["post-3739","post","type-post","status-publish","format-standard","has-post-thumbnail","hentry","category-dagmar-franolic","category-lena-franolic","","fallback-thumbnail"],"translation":{"provider":"WPGlobus","version":"3.0.5","language":"de","enabled_languages":["hr","en","de"],"languages":{"hr":{"title":true,"content":true,"excerpt":false},"en":{"title":true,"content":true,"excerpt":false},"de":{"title":true,"content":true,"excerpt":false}}},"yoast_head":"<!-- This site is optimized with the Yoast SEO plugin v28.4 - https:\/\/yoast.com\/product\/yoast-seo-wordpress\/ -->\n<title>K\u00fcnstler der Insel Krk f\u00fcr Teo - Galerie Dagmar<\/title>\n<meta name=\"robots\" content=\"index, follow, max-snippet:-1, max-image-preview:large, max-video-preview:-1\" \/>\n<link rel=\"canonical\" href=\"https:\/\/galerija-dagmar.hr\/de\/2018\/07\/15\/umjetnici-otoka-krka-za-tea\/\" \/>\n<meta property=\"og:locale\" content=\"de_DE\" \/>\n<meta property=\"og:type\" content=\"article\" \/>\n<meta property=\"og:title\" content=\"K\u00fcnstler der Insel Krk f\u00fcr Teo - Galerie Dagmar\" \/>\n<meta property=\"og:url\" content=\"https:\/\/galerija-dagmar.hr\/de\/2018\/07\/15\/umjetnici-otoka-krka-za-tea\/\" \/>\n<meta property=\"og:site_name\" content=\"Galerie Dagmar\" \/>\n<meta property=\"article:publisher\" content=\"https:\/\/www.facebook.com\/galerija-DAGMAR-262952014318\/\" \/>\n<meta property=\"article:published_time\" content=\"2018-07-15T10:14:14+00:00\" \/>\n<meta property=\"article:modified_time\" content=\"2020-11-20T11:41:57+00:00\" \/>\n<meta property=\"og:image\" content=\"https:\/\/i1.wp.com\/galerija-dagmar.hr\/wp-content\/uploads\/2020\/04\/20045298_10155609758104319_4574433493959260998_o-1.jpg?fit=1140%2C446&ssl=1\" \/>\n\t<meta property=\"og:image:width\" content=\"1140\" \/>\n\t<meta property=\"og:image:height\" content=\"446\" \/>\n\t<meta property=\"og:image:type\" content=\"image\/jpeg\" \/>\n<meta name=\"author\" content=\"Lena\" \/>\n<meta name=\"twitter:card\" content=\"summary_large_image\" \/>\n<meta name=\"twitter:label1\" content=\"Verfasst von\" \/>\n\t<meta name=\"twitter:data1\" content=\"Lena\" \/>\n\t<meta name=\"twitter:label2\" content=\"Gesch\u00e4tzte Lesezeit\" \/>\n\t<meta name=\"twitter:data2\" content=\"2\u00a0Minuten\" \/>\n<script type=\"application\/ld+json\" class=\"yoast-schema-graph\">{\"@context\":\"https:\\\/\\\/schema.org\",\"@graph\":[{\"@type\":\"Article\",\"@id\":\"https:\\\/\\\/galerija-dagmar.hr\\\/de\\\/2018\\\/07\\\/15\\\/umjetnici-otoka-krka-za-tea\\\/#article\",\"isPartOf\":{\"@id\":\"https:\\\/\\\/galerija-dagmar.hr\\\/de\\\/2018\\\/07\\\/15\\\/umjetnici-otoka-krka-za-tea\\\/\"},\"author\":{\"name\":\"Lena\",\"@id\":\"https:\\\/\\\/galerija-dagmar.hr\\\/de\\\/#\\\/schema\\\/person\\\/245752095348ebc6de0af5454c68fd3b\"},\"headline\":\"K\u00fcnstler der Insel Krk f\u00fcr Teo\",\"datePublished\":\"2018-07-15T10:14:14+00:00\",\"dateModified\":\"2020-11-20T11:41:57+00:00\",\"mainEntityOfPage\":{\"@id\":\"https:\\\/\\\/galerija-dagmar.hr\\\/de\\\/2018\\\/07\\\/15\\\/umjetnici-otoka-krka-za-tea\\\/\"},\"wordCount\":518,\"publisher\":{\"@id\":\"https:\\\/\\\/galerija-dagmar.hr\\\/de\\\/#organization\"},\"image\":{\"@id\":\"https:\\\/\\\/galerija-dagmar.hr\\\/de\\\/2018\\\/07\\\/15\\\/umjetnici-otoka-krka-za-tea\\\/#primaryimage\"},\"thumbnailUrl\":\"https:\\\/\\\/i0.wp.com\\\/galerija-dagmar.hr\\\/wp-content\\\/uploads\\\/2020\\\/04\\\/20045298_10155609758104319_4574433493959260998_o-1.jpg?fit=1140%2C446&ssl=1\",\"articleSection\":[\"Dagmar Franoli\u0107\",\"Lena Franoli\u0107\"],\"inLanguage\":\"de\"},{\"@type\":\"WebPage\",\"@id\":\"https:\\\/\\\/galerija-dagmar.hr\\\/de\\\/2018\\\/07\\\/15\\\/umjetnici-otoka-krka-za-tea\\\/\",\"url\":\"https:\\\/\\\/galerija-dagmar.hr\\\/de\\\/2018\\\/07\\\/15\\\/umjetnici-otoka-krka-za-tea\\\/\",\"name\":\"K\u00fcnstler der Insel Krk f\u00fcr Teo - Galerie Dagmar\",\"isPartOf\":{\"@id\":\"https:\\\/\\\/galerija-dagmar.hr\\\/de\\\/#website\"},\"primaryImageOfPage\":{\"@id\":\"https:\\\/\\\/galerija-dagmar.hr\\\/de\\\/2018\\\/07\\\/15\\\/umjetnici-otoka-krka-za-tea\\\/#primaryimage\"},\"image\":{\"@id\":\"https:\\\/\\\/galerija-dagmar.hr\\\/de\\\/2018\\\/07\\\/15\\\/umjetnici-otoka-krka-za-tea\\\/#primaryimage\"},\"thumbnailUrl\":\"https:\\\/\\\/i0.wp.com\\\/galerija-dagmar.hr\\\/wp-content\\\/uploads\\\/2020\\\/04\\\/20045298_10155609758104319_4574433493959260998_o-1.jpg?fit=1140%2C446&ssl=1\",\"datePublished\":\"2018-07-15T10:14:14+00:00\",\"dateModified\":\"2020-11-20T11:41:57+00:00\",\"breadcrumb\":{\"@id\":\"https:\\\/\\\/galerija-dagmar.hr\\\/de\\\/2018\\\/07\\\/15\\\/umjetnici-otoka-krka-za-tea\\\/#breadcrumb\"},\"inLanguage\":\"de\",\"potentialAction\":[{\"@type\":\"ReadAction\",\"target\":[\"https:\\\/\\\/galerija-dagmar.hr\\\/de\\\/2018\\\/07\\\/15\\\/umjetnici-otoka-krka-za-tea\\\/\"]}]},{\"@type\":\"ImageObject\",\"inLanguage\":\"de\",\"@id\":\"https:\\\/\\\/galerija-dagmar.hr\\\/de\\\/2018\\\/07\\\/15\\\/umjetnici-otoka-krka-za-tea\\\/#primaryimage\",\"url\":\"https:\\\/\\\/i0.wp.com\\\/galerija-dagmar.hr\\\/wp-content\\\/uploads\\\/2020\\\/04\\\/20045298_10155609758104319_4574433493959260998_o-1.jpg?fit=1140%2C446&ssl=1\",\"contentUrl\":\"https:\\\/\\\/i0.wp.com\\\/galerija-dagmar.hr\\\/wp-content\\\/uploads\\\/2020\\\/04\\\/20045298_10155609758104319_4574433493959260998_o-1.jpg?fit=1140%2C446&ssl=1\",\"width\":1140,\"height\":446},{\"@type\":\"BreadcrumbList\",\"@id\":\"https:\\\/\\\/galerija-dagmar.hr\\\/de\\\/2018\\\/07\\\/15\\\/umjetnici-otoka-krka-za-tea\\\/#breadcrumb\",\"itemListElement\":[{\"@type\":\"ListItem\",\"position\":1,\"name\":\"Home\",\"item\":\"https:\\\/\\\/galerija-dagmar.hr\\\/de\\\/\"},{\"@type\":\"ListItem\",\"position\":2,\"name\":\"K\u00fcnstler der Insel Krk f\u00fcr Teo\"}]},{\"@type\":\"WebSite\",\"@id\":\"https:\\\/\\\/galerija-dagmar.hr\\\/de\\\/#website\",\"url\":\"https:\\\/\\\/galerija-dagmar.hr\\\/de\\\/\",\"name\":\"Galerie Dagmar\",\"description\":\"eine kleine Kunstgalerie mit Gem\u00e4lden und handgefertigtem Kunsthandwerksschmuck\",\"publisher\":{\"@id\":\"https:\\\/\\\/galerija-dagmar.hr\\\/de\\\/#organization\"},\"potentialAction\":[{\"@type\":\"SearchAction\",\"target\":{\"@type\":\"EntryPoint\",\"urlTemplate\":\"https:\\\/\\\/galerija-dagmar.hr\\\/de\\\/?s={search_term_string}\"},\"query-input\":{\"@type\":\"PropertyValueSpecification\",\"valueRequired\":true,\"valueName\":\"search_term_string\"}}],\"inLanguage\":\"de\"},{\"@type\":\"Organization\",\"@id\":\"https:\\\/\\\/galerija-dagmar.hr\\\/de\\\/#organization\",\"name\":\"galerija DAGMAR\",\"url\":\"https:\\\/\\\/galerija-dagmar.hr\\\/de\\\/\",\"logo\":{\"@type\":\"ImageObject\",\"inLanguage\":\"de\",\"@id\":\"https:\\\/\\\/galerija-dagmar.hr\\\/de\\\/#\\\/schema\\\/logo\\\/image\\\/\",\"url\":\"https:\\\/\\\/i1.wp.com\\\/galerija-dagmar.hr\\\/wp-content\\\/uploads\\\/2017\\\/11\\\/icon-gD.jpg?fit=512%2C512&ssl=1\",\"contentUrl\":\"https:\\\/\\\/i1.wp.com\\\/galerija-dagmar.hr\\\/wp-content\\\/uploads\\\/2017\\\/11\\\/icon-gD.jpg?fit=512%2C512&ssl=1\",\"width\":512,\"height\":512,\"caption\":\"galerija DAGMAR\"},\"image\":{\"@id\":\"https:\\\/\\\/galerija-dagmar.hr\\\/de\\\/#\\\/schema\\\/logo\\\/image\\\/\"},\"sameAs\":[\"https:\\\/\\\/www.facebook.com\\\/galerija-DAGMAR-262952014318\\\/\",\"https:\\\/\\\/www.instagram.com\\\/lena_franolic\\\/\",\"https:\\\/\\\/hr.linkedin.com\\\/in\\\/lena-franoli\u0107-39a25b109\"]},{\"@type\":\"Person\",\"@id\":\"https:\\\/\\\/galerija-dagmar.hr\\\/de\\\/#\\\/schema\\\/person\\\/245752095348ebc6de0af5454c68fd3b\",\"name\":\"Lena\"}]}<\/script>\n<!-- \/ Yoast SEO plugin. -->","yoast_head_json":{"title":"K\u00fcnstler der Insel Krk f\u00fcr Teo - Galerie Dagmar","robots":{"index":"index","follow":"follow","max-snippet":"max-snippet:-1","max-image-preview":"max-image-preview:large","max-video-preview":"max-video-preview:-1"},"canonical":"https:\/\/galerija-dagmar.hr\/de\/2018\/07\/15\/umjetnici-otoka-krka-za-tea\/","og_locale":"de_DE","og_type":"article","og_title":"K\u00fcnstler der Insel Krk f\u00fcr Teo - Galerie Dagmar","og_url":"https:\/\/galerija-dagmar.hr\/de\/2018\/07\/15\/umjetnici-otoka-krka-za-tea\/","og_site_name":"Galerie Dagmar","article_publisher":"https:\/\/www.facebook.com\/galerija-DAGMAR-262952014318\/","article_published_time":"2018-07-15T10:14:14+00:00","article_modified_time":"2020-11-20T11:41:57+00:00","og_image":[{"width":1140,"height":446,"url":"https:\/\/i1.wp.com\/galerija-dagmar.hr\/wp-content\/uploads\/2020\/04\/20045298_10155609758104319_4574433493959260998_o-1.jpg?fit=1140%2C446&ssl=1","type":"image\/jpeg"}],"author":"Lena","twitter_card":"summary_large_image","twitter_misc":{"Verfasst von":"Lena","Gesch\u00e4tzte Lesezeit":"2\u00a0Minuten"},"schema":{"@context":"https:\/\/schema.org","@graph":[{"@type":"Article","@id":"https:\/\/galerija-dagmar.hr\/de\/2018\/07\/15\/umjetnici-otoka-krka-za-tea\/#article","isPartOf":{"@id":"https:\/\/galerija-dagmar.hr\/de\/2018\/07\/15\/umjetnici-otoka-krka-za-tea\/"},"author":{"name":"Lena","@id":"https:\/\/galerija-dagmar.hr\/de\/#\/schema\/person\/245752095348ebc6de0af5454c68fd3b"},"headline":"K\u00fcnstler der Insel Krk f\u00fcr Teo","datePublished":"2018-07-15T10:14:14+00:00","dateModified":"2020-11-20T11:41:57+00:00","mainEntityOfPage":{"@id":"https:\/\/galerija-dagmar.hr\/de\/2018\/07\/15\/umjetnici-otoka-krka-za-tea\/"},"wordCount":518,"publisher":{"@id":"https:\/\/galerija-dagmar.hr\/de\/#organization"},"image":{"@id":"https:\/\/galerija-dagmar.hr\/de\/2018\/07\/15\/umjetnici-otoka-krka-za-tea\/#primaryimage"},"thumbnailUrl":"https:\/\/i0.wp.com\/galerija-dagmar.hr\/wp-content\/uploads\/2020\/04\/20045298_10155609758104319_4574433493959260998_o-1.jpg?fit=1140%2C446&ssl=1","articleSection":["Dagmar Franoli\u0107","Lena Franoli\u0107"],"inLanguage":"de"},{"@type":"WebPage","@id":"https:\/\/galerija-dagmar.hr\/de\/2018\/07\/15\/umjetnici-otoka-krka-za-tea\/","url":"https:\/\/galerija-dagmar.hr\/de\/2018\/07\/15\/umjetnici-otoka-krka-za-tea\/","name":"K\u00fcnstler der Insel Krk f\u00fcr Teo - Galerie Dagmar","isPartOf":{"@id":"https:\/\/galerija-dagmar.hr\/de\/#website"},"primaryImageOfPage":{"@id":"https:\/\/galerija-dagmar.hr\/de\/2018\/07\/15\/umjetnici-otoka-krka-za-tea\/#primaryimage"},"image":{"@id":"https:\/\/galerija-dagmar.hr\/de\/2018\/07\/15\/umjetnici-otoka-krka-za-tea\/#primaryimage"},"thumbnailUrl":"https:\/\/i0.wp.com\/galerija-dagmar.hr\/wp-content\/uploads\/2020\/04\/20045298_10155609758104319_4574433493959260998_o-1.jpg?fit=1140%2C446&ssl=1","datePublished":"2018-07-15T10:14:14+00:00","dateModified":"2020-11-20T11:41:57+00:00","breadcrumb":{"@id":"https:\/\/galerija-dagmar.hr\/de\/2018\/07\/15\/umjetnici-otoka-krka-za-tea\/#breadcrumb"},"inLanguage":"de","potentialAction":[{"@type":"ReadAction","target":["https:\/\/galerija-dagmar.hr\/de\/2018\/07\/15\/umjetnici-otoka-krka-za-tea\/"]}]},{"@type":"ImageObject","inLanguage":"de","@id":"https:\/\/galerija-dagmar.hr\/de\/2018\/07\/15\/umjetnici-otoka-krka-za-tea\/#primaryimage","url":"https:\/\/i0.wp.com\/galerija-dagmar.hr\/wp-content\/uploads\/2020\/04\/20045298_10155609758104319_4574433493959260998_o-1.jpg?fit=1140%2C446&ssl=1","contentUrl":"https:\/\/i0.wp.com\/galerija-dagmar.hr\/wp-content\/uploads\/2020\/04\/20045298_10155609758104319_4574433493959260998_o-1.jpg?fit=1140%2C446&ssl=1","width":1140,"height":446},{"@type":"BreadcrumbList","@id":"https:\/\/galerija-dagmar.hr\/de\/2018\/07\/15\/umjetnici-otoka-krka-za-tea\/#breadcrumb","itemListElement":[{"@type":"ListItem","position":1,"name":"Home","item":"https:\/\/galerija-dagmar.hr\/de\/"},{"@type":"ListItem","position":2,"name":"K\u00fcnstler der Insel Krk f\u00fcr Teo"}]},{"@type":"WebSite","@id":"https:\/\/galerija-dagmar.hr\/de\/#website","url":"https:\/\/galerija-dagmar.hr\/de\/","name":"Galerie Dagmar","description":"eine kleine Kunstgalerie mit Gem\u00e4lden und handgefertigtem Kunsthandwerksschmuck","publisher":{"@id":"https:\/\/galerija-dagmar.hr\/de\/#organization"},"potentialAction":[{"@type":"SearchAction","target":{"@type":"EntryPoint","urlTemplate":"https:\/\/galerija-dagmar.hr\/de\/?s={search_term_string}"},"query-input":{"@type":"PropertyValueSpecification","valueRequired":true,"valueName":"search_term_string"}}],"inLanguage":"de"},{"@type":"Organization","@id":"https:\/\/galerija-dagmar.hr\/de\/#organization","name":"galerija DAGMAR","url":"https:\/\/galerija-dagmar.hr\/de\/","logo":{"@type":"ImageObject","inLanguage":"de","@id":"https:\/\/galerija-dagmar.hr\/de\/#\/schema\/logo\/image\/","url":"https:\/\/i1.wp.com\/galerija-dagmar.hr\/wp-content\/uploads\/2017\/11\/icon-gD.jpg?fit=512%2C512&ssl=1","contentUrl":"https:\/\/i1.wp.com\/galerija-dagmar.hr\/wp-content\/uploads\/2017\/11\/icon-gD.jpg?fit=512%2C512&ssl=1","width":512,"height":512,"caption":"galerija DAGMAR"},"image":{"@id":"https:\/\/galerija-dagmar.hr\/de\/#\/schema\/logo\/image\/"},"sameAs":["https:\/\/www.facebook.com\/galerija-DAGMAR-262952014318\/","https:\/\/www.instagram.com\/lena_franolic\/","https:\/\/hr.linkedin.com\/in\/lena-franoli\u0107-39a25b109"]},{"@type":"Person","@id":"https:\/\/galerija-dagmar.hr\/de\/#\/schema\/person\/245752095348ebc6de0af5454c68fd3b","name":"Lena"}]}},"jetpack_shortlink":"https:\/\/wp.me\/p9lzEB-Yj","jetpack_sharing_enabled":true,"jetpack_featured_media_url":"https:\/\/i0.wp.com\/galerija-dagmar.hr\/wp-content\/uploads\/2020\/04\/20045298_10155609758104319_4574433493959260998_o-1.jpg?fit=1140%2C446&ssl=1","_links":{"self":[{"href":"https:\/\/galerija-dagmar.hr\/de\/wp-json\/wp\/v2\/posts\/3739","targetHints":{"allow":["GET"]}}],"collection":[{"href":"https:\/\/galerija-dagmar.hr\/de\/wp-json\/wp\/v2\/posts"}],"about":[{"href":"https:\/\/galerija-dagmar.hr\/de\/wp-json\/wp\/v2\/types\/post"}],"author":[{"embeddable":true,"href":"https:\/\/galerija-dagmar.hr\/de\/wp-json\/wp\/v2\/users\/1"}],"replies":[{"embeddable":true,"href":"https:\/\/galerija-dagmar.hr\/de\/wp-json\/wp\/v2\/comments?post=3739"}],"version-history":[{"count":0,"href":"https:\/\/galerija-dagmar.hr\/de\/wp-json\/wp\/v2\/posts\/3739\/revisions"}],"wp:featuredmedia":[{"embeddable":true,"href":"https:\/\/galerija-dagmar.hr\/de\/wp-json\/wp\/v2\/media\/3869"}],"wp:attachment":[{"href":"https:\/\/galerija-dagmar.hr\/de\/wp-json\/wp\/v2\/media?parent=3739"}],"wp:term":[{"taxonomy":"category","embeddable":true,"href":"https:\/\/galerija-dagmar.hr\/de\/wp-json\/wp\/v2\/categories?post=3739"},{"taxonomy":"post_tag","embeddable":true,"href":"https:\/\/galerija-dagmar.hr\/de\/wp-json\/wp\/v2\/tags?post=3739"}],"curies":[{"name":"wp","href":"https:\/\/api.w.org\/{rel}","templated":true}]}}